{"id":389,"date":"2013-08-02T14:39:30","date_gmt":"2013-08-02T12:39:30","guid":{"rendered":"http:\/\/195.201.107.226\/amanda-from-brazil\/"},"modified":"2023-12-01T19:45:56","modified_gmt":"2023-12-01T18:45:56","slug":"amanda-from-brazil","status":"publish","type":"post","link":"https:\/\/ycbs.eu\/en\/amanda-from-brazil\/","title":{"rendered":"Amanda from Brazil"},"content":{"rendered":"<p class=\"has-text-align-center\"><strong>\u201cCultural diversity enriches us\u201d Amanda from Brazil says<\/strong><\/p>\n\n\n\n<p>I am Amanda Navacinsk Ferreira, I am 21 years old and have been living in Sao Paulo, Brazil since my birth. My ancestors are from Lithuania and Brazil.<\/p>\n\n\n<div class=\"wp-block-image\">\n<figure class=\"alignright\"><img loading=\"lazy\" decoding=\"async\" width=\"428\" height=\"571\" src=\"https:\/\/ycbs.eu\/wp-content\/uploads\/amandatreppeklein-c08.jpg\" alt=\"\" class=\"wp-image-387\" srcset=\"https:\/\/ycbs.eu\/wp-content\/uploads\/amandatreppeklein-c08.jpg 428w, https:\/\/ycbs.eu\/wp-content\/uploads\/amandatreppeklein-c08-225x300.jpg 225w, https:\/\/ycbs.eu\/wp-content\/uploads\/amandatreppeklein-c08-9x12.jpg 9w\" sizes=\"auto, (max-width: 428px) 100vw, 428px\" \/><\/figure>\n<\/div>\n\n\n<p>I am learning the German language for four years now because I like the language and have a keen interest in improving it, my native language is Portuguese and I can also communicate in English.<\/p>\n\n\n\n<p>I chose to come to Berlin because of my interest in the German language and culture, in order to gain the professional experience I am doing an internship at YCBS.<\/p>\n\n\n\n<p>I decided to move to a different country because of my fascination towards different cultures of the world and the challenge to get acquainted with different mindsets and cultures excites me. &nbsp;<\/p>\n\n\n\n<p>Berlin is a very multicultural city.<\/p>\n\n\n\n<figure class=\"wp-block-audio\"><audio controls src=\"https:\/\/ycbs.eu\/wp-content\/uploads\/amandaportugese.mp3\"><\/audio><\/figure>\n\n\n\n<p>Brazil was colonized by the Portuguese therefore Portuguese is the native language (not Spanish or &#8220;Brazilian\u201d) but German is also spoken in the South because of migration of Germans after the war which resulted in a German colony. Brazil consists of not only Europeans but also people from all over the world.<\/p>\n\n\n\n<p>We can say that Brazil does not have a cultural trait but the Brazilian culture is influenced by the immigrants from all over the world, we have a huge cultural mix like Portuguese language, Italian food, African music and more. &nbsp;Brazil is known for the beautiful people with diverse cultures and great historical treasures.<\/p>\n\n\n\n<p>I believe the Germans have many reasons to be proud of their country. The quality of life and safety standards are high, well developed health system, efficient public transport and a good educational system which is easily accessible for young people irrespective of being rich or poor.&nbsp;<\/p>\n\n\n\n<p><a href=\"http:\/\/195.201.107.226\/wp-admin\/index.php\/de\/vida-em-sao-paulo.html\">Amanda&#8217;s radio project on YCBS:<\/a><\/p>\n\n\n\n<ul class=\"wp-block-list\">\n<li><a href=\"http:\/\/195.201.107.226\/das-leben-in-sao-paulo\/\" data-type=\"post\" data-id=\"420\">Vida em Sao Paulo<\/a><\/li>\n<\/ul>\n\n\n\n<div style=\"height:32px\" aria-hidden=\"true\" class=\"wp-block-spacer\"><\/div>\n\n\n\n<p class=\"has-text-align-center\"><strong>A diversidade cultural nos enriquece\u00a0<\/strong><\/p>\n\n\n\n<p>Meu nome \u00e9 Amanda Navacinsk Ferreira, tenho 21 anos, moro em Sao Paulo, no Brasil e sou estudante de Jornalismo.<\/p>\n\n\n\n<p>Sempre tive interesse em aprender novas linguas, e escolhi o alemao porque al\u00e9m de ter gostado do idioma, sempre me identifiquei com a cultura e hist\u00f3ria da Alemanha.&nbsp;<\/p>\n\n\n\n<p>No momento, estou estagiando na Radio YCBS para poder adquirir experiencia profissional e praticar meus conhecimentos na lingua.<\/p>\n\n\n\n<p>A diversidade cultural \u00e8 um assunto que me interessa, por isso \u00e8 importante para mim morar em outro pais para poder conviver e aprender com novas culturas. Berlin \u00e8 um estado que por conta dos seus imigrantes, pode-se encontrar pessoas de todas os cantos do mundo.<\/p>\n\n\n\n<p>Isso tamb\u00e9m acontece no Brasil, que uma de suas caracteristicas \u00e9 ser multicultural, que nao recebe apenas imigrantes europeus, como de outras partes. O idioma oficial \u00e8 o Portugues , e nao Espanhol ou \u201cbrasileiro\u201d como muitas pessoas pensam. Mas, no sul, o alemao tamb\u00e9m \u00e8 utilizado por conta da colonia alema que l\u00e1 se formou depois da primeira guerra.<\/p>\n\n\n\n<p>O processo imigrat\u00f3rio foi de extrema importancia para formacao da cultura brasileira, pois foram &nbsp;unindo caracteristicas de todos os povos que l\u00e1 habitavam, e hoje, vemos nitidamente os resultados. Temos uma culin\u00e1ria italiana, o pr\u00f3prio idioma Portugues, ritmos africanos, e uma grande heranca ind\u00edgena, o que contribuiu para esse grande valor historico que o pa\u00eds possui.<\/p>","protected":false},"excerpt":{"rendered":"<p>\u201cCultural diversity enriches us\u201d Amanda from Brazil says I am Amanda Navacinsk Ferreira, I am 21 years old and have been living in Sao Paulo, Brazil since my birth. My ancestors are from Lithuania and&#8230;<\/p>","protected":false},"author":4,"featured_media":387,"comment_status":"closed","ping_status":"closed","sticky":false,"template":"","format":"audio","meta":{"_uag_custom_page_level_css":"","footnotes":""},"categories":[32],"tags":[],"class_list":["post-389","post","type-post","status-publish","format-audio","has-post-thumbnail","hentry","category-internship-en","post_format-post-format-audio"],"yoast_head":"<!-- This site is optimized with the Yoast SEO plugin v26.6 - https:\/\/yoast.com\/wordpress\/plugins\/seo\/ -->\n<title>Amanda from Brazil - YCBS<\/title>\n<meta name=\"robots\" content=\"index, follow, max-snippet:-1, max-image-preview:large, max-video-preview:-1\" \/>\n<link rel=\"canonical\" href=\"https:\/\/ycbs.eu\/en\/amanda-from-brazil\/\" \/>\n<meta property=\"og:locale\" content=\"en_GB\" \/>\n<meta property=\"og:type\" content=\"article\" \/>\n<meta property=\"og:title\" content=\"Amanda from Brazil - YCBS\" \/>\n<meta property=\"og:description\" content=\"\u201cCultural diversity enriches us\u201d Amanda from Brazil says I am Amanda Navacinsk Ferreira, I am 21 years old and have been living in Sao Paulo, Brazil since my birth. My ancestors are from Lithuania and...\" \/>\n<meta property=\"og:url\" content=\"https:\/\/ycbs.eu\/en\/amanda-from-brazil\/\" \/>\n<meta property=\"og:site_name\" content=\"YCBS\" \/>\n<meta property=\"article:publisher\" content=\"https:\/\/www.facebook.com\/YcbsYouthConnectedBySounds\/\" \/>\n<meta property=\"article:published_time\" content=\"2013-08-02T12:39:30+00:00\" \/>\n<meta property=\"article:modified_time\" content=\"2023-12-01T18:45:56+00:00\" \/>\n<meta property=\"og:image\" content=\"https:\/\/ycbs.eu\/wp-content\/uploads\/amandatreppeklein-c08.jpg\" \/>\n\t<meta property=\"og:image:width\" content=\"428\" \/>\n\t<meta property=\"og:image:height\" content=\"571\" \/>\n\t<meta property=\"og:image:type\" content=\"image\/jpeg\" \/>\n<meta name=\"author\" content=\"Mila Zaharieva-Schmolke\" \/>\n<meta name=\"twitter:card\" content=\"summary_large_image\" \/>\n<meta name=\"twitter:label1\" content=\"Written by\" \/>\n\t<meta name=\"twitter:data1\" content=\"Mila Zaharieva-Schmolke\" \/>\n\t<meta name=\"twitter:label2\" content=\"Estimated reading time\" \/>\n\t<meta name=\"twitter:data2\" content=\"3 minutes\" \/>\n<script type=\"application\/ld+json\" class=\"yoast-schema-graph\">{\"@context\":\"https:\/\/schema.org\",\"@graph\":[{\"@type\":\"Article\",\"@id\":\"https:\/\/ycbs.eu\/en\/amanda-from-brazil\/#article\",\"isPartOf\":{\"@id\":\"https:\/\/ycbs.eu\/en\/amanda-from-brazil\/\"},\"author\":{\"name\":\"Mila Zaharieva-Schmolke\",\"@id\":\"https:\/\/ycbs.eu\/en\/#\/schema\/person\/98f76c313ffa23c59120f384e2b9b09d\"},\"headline\":\"Amanda from Brazil\",\"datePublished\":\"2013-08-02T12:39:30+00:00\",\"dateModified\":\"2023-12-01T18:45:56+00:00\",\"mainEntityOfPage\":{\"@id\":\"https:\/\/ycbs.eu\/en\/amanda-from-brazil\/\"},\"wordCount\":541,\"publisher\":{\"@id\":\"https:\/\/ycbs.eu\/en\/#organization\"},\"image\":{\"@id\":\"https:\/\/ycbs.eu\/en\/amanda-from-brazil\/#primaryimage\"},\"thumbnailUrl\":\"https:\/\/ycbs.eu\/wp-content\/uploads\/amandatreppeklein-c08.jpg\",\"articleSection\":[\"Internship\"],\"inLanguage\":\"en-GB\"},{\"@type\":\"WebPage\",\"@id\":\"https:\/\/ycbs.eu\/en\/amanda-from-brazil\/\",\"url\":\"https:\/\/ycbs.eu\/en\/amanda-from-brazil\/\",\"name\":\"Amanda from Brazil - YCBS\",\"isPartOf\":{\"@id\":\"https:\/\/ycbs.eu\/en\/#website\"},\"primaryImageOfPage\":{\"@id\":\"https:\/\/ycbs.eu\/en\/amanda-from-brazil\/#primaryimage\"},\"image\":{\"@id\":\"https:\/\/ycbs.eu\/en\/amanda-from-brazil\/#primaryimage\"},\"thumbnailUrl\":\"https:\/\/ycbs.eu\/wp-content\/uploads\/amandatreppeklein-c08.jpg\",\"datePublished\":\"2013-08-02T12:39:30+00:00\",\"dateModified\":\"2023-12-01T18:45:56+00:00\",\"breadcrumb\":{\"@id\":\"https:\/\/ycbs.eu\/en\/amanda-from-brazil\/#breadcrumb\"},\"inLanguage\":\"en-GB\",\"potentialAction\":[{\"@type\":\"ReadAction\",\"target\":[\"https:\/\/ycbs.eu\/en\/amanda-from-brazil\/\"]}]},{\"@type\":\"ImageObject\",\"inLanguage\":\"en-GB\",\"@id\":\"https:\/\/ycbs.eu\/en\/amanda-from-brazil\/#primaryimage\",\"url\":\"https:\/\/ycbs.eu\/wp-content\/uploads\/amandatreppeklein-c08.jpg\",\"contentUrl\":\"https:\/\/ycbs.eu\/wp-content\/uploads\/amandatreppeklein-c08.jpg\",\"width\":428,\"height\":571},{\"@type\":\"BreadcrumbList\",\"@id\":\"https:\/\/ycbs.eu\/en\/amanda-from-brazil\/#breadcrumb\",\"itemListElement\":[{\"@type\":\"ListItem\",\"position\":1,\"name\":\"Home\",\"item\":\"https:\/\/ycbs.eu\/en\/\"},{\"@type\":\"ListItem\",\"position\":2,\"name\":\"Amanda from Brazil\"}]},{\"@type\":\"WebSite\",\"@id\":\"https:\/\/ycbs.eu\/en\/#website\",\"url\":\"https:\/\/ycbs.eu\/en\/\",\"name\":\"YCBS\",\"description\":\"Youth Connected by Sounds\",\"publisher\":{\"@id\":\"https:\/\/ycbs.eu\/en\/#organization\"},\"potentialAction\":[{\"@type\":\"SearchAction\",\"target\":{\"@type\":\"EntryPoint\",\"urlTemplate\":\"https:\/\/ycbs.eu\/en\/?s={search_term_string}\"},\"query-input\":{\"@type\":\"PropertyValueSpecification\",\"valueRequired\":true,\"valueName\":\"search_term_string\"}}],\"inLanguage\":\"en-GB\"},{\"@type\":\"Organization\",\"@id\":\"https:\/\/ycbs.eu\/en\/#organization\",\"name\":\"Youth Connected By Sounds\",\"url\":\"https:\/\/ycbs.eu\/en\/\",\"logo\":{\"@type\":\"ImageObject\",\"inLanguage\":\"en-GB\",\"@id\":\"https:\/\/ycbs.eu\/en\/#\/schema\/logo\/image\/\",\"url\":\"https:\/\/ycbs.eu\/wp-content\/uploads\/logoNew_saturated.png\",\"contentUrl\":\"https:\/\/ycbs.eu\/wp-content\/uploads\/logoNew_saturated.png\",\"width\":2160,\"height\":2160,\"caption\":\"Youth Connected By Sounds\"},\"image\":{\"@id\":\"https:\/\/ycbs.eu\/en\/#\/schema\/logo\/image\/\"},\"sameAs\":[\"https:\/\/www.facebook.com\/YcbsYouthConnectedBySounds\/\"]},{\"@type\":\"Person\",\"@id\":\"https:\/\/ycbs.eu\/en\/#\/schema\/person\/98f76c313ffa23c59120f384e2b9b09d\",\"name\":\"Mila Zaharieva-Schmolke\",\"url\":\"https:\/\/ycbs.eu\/en\/author\/mila\/\"}]}<\/script>\n<!-- \/ Yoast SEO plugin. -->","yoast_head_json":{"title":"Amanda from Brazil - YCBS","robots":{"index":"index","follow":"follow","max-snippet":"max-snippet:-1","max-image-preview":"max-image-preview:large","max-video-preview":"max-video-preview:-1"},"canonical":"https:\/\/ycbs.eu\/en\/amanda-from-brazil\/","og_locale":"en_GB","og_type":"article","og_title":"Amanda from Brazil - YCBS","og_description":"\u201cCultural diversity enriches us\u201d Amanda from Brazil says I am Amanda Navacinsk Ferreira, I am 21 years old and have been living in Sao Paulo, Brazil since my birth. My ancestors are from Lithuania and...","og_url":"https:\/\/ycbs.eu\/en\/amanda-from-brazil\/","og_site_name":"YCBS","article_publisher":"https:\/\/www.facebook.com\/YcbsYouthConnectedBySounds\/","article_published_time":"2013-08-02T12:39:30+00:00","article_modified_time":"2023-12-01T18:45:56+00:00","og_image":[{"width":428,"height":571,"url":"https:\/\/ycbs.eu\/wp-content\/uploads\/amandatreppeklein-c08.jpg","type":"image\/jpeg"}],"author":"Mila Zaharieva-Schmolke","twitter_card":"summary_large_image","twitter_misc":{"Written by":"Mila Zaharieva-Schmolke","Estimated reading time":"3 minutes"},"schema":{"@context":"https:\/\/schema.org","@graph":[{"@type":"Article","@id":"https:\/\/ycbs.eu\/en\/amanda-from-brazil\/#article","isPartOf":{"@id":"https:\/\/ycbs.eu\/en\/amanda-from-brazil\/"},"author":{"name":"Mila Zaharieva-Schmolke","@id":"https:\/\/ycbs.eu\/en\/#\/schema\/person\/98f76c313ffa23c59120f384e2b9b09d"},"headline":"Amanda from Brazil","datePublished":"2013-08-02T12:39:30+00:00","dateModified":"2023-12-01T18:45:56+00:00","mainEntityOfPage":{"@id":"https:\/\/ycbs.eu\/en\/amanda-from-brazil\/"},"wordCount":541,"publisher":{"@id":"https:\/\/ycbs.eu\/en\/#organization"},"image":{"@id":"https:\/\/ycbs.eu\/en\/amanda-from-brazil\/#primaryimage"},"thumbnailUrl":"https:\/\/ycbs.eu\/wp-content\/uploads\/amandatreppeklein-c08.jpg","articleSection":["Internship"],"inLanguage":"en-GB"},{"@type":"WebPage","@id":"https:\/\/ycbs.eu\/en\/amanda-from-brazil\/","url":"https:\/\/ycbs.eu\/en\/amanda-from-brazil\/","name":"Amanda from Brazil - YCBS","isPartOf":{"@id":"https:\/\/ycbs.eu\/en\/#website"},"primaryImageOfPage":{"@id":"https:\/\/ycbs.eu\/en\/amanda-from-brazil\/#primaryimage"},"image":{"@id":"https:\/\/ycbs.eu\/en\/amanda-from-brazil\/#primaryimage"},"thumbnailUrl":"https:\/\/ycbs.eu\/wp-content\/uploads\/amandatreppeklein-c08.jpg","datePublished":"2013-08-02T12:39:30+00:00","dateModified":"2023-12-01T18:45:56+00:00","breadcrumb":{"@id":"https:\/\/ycbs.eu\/en\/amanda-from-brazil\/#breadcrumb"},"inLanguage":"en-GB","potentialAction":[{"@type":"ReadAction","target":["https:\/\/ycbs.eu\/en\/amanda-from-brazil\/"]}]},{"@type":"ImageObject","inLanguage":"en-GB","@id":"https:\/\/ycbs.eu\/en\/amanda-from-brazil\/#primaryimage","url":"https:\/\/ycbs.eu\/wp-content\/uploads\/amandatreppeklein-c08.jpg","contentUrl":"https:\/\/ycbs.eu\/wp-content\/uploads\/amandatreppeklein-c08.jpg","width":428,"height":571},{"@type":"BreadcrumbList","@id":"https:\/\/ycbs.eu\/en\/amanda-from-brazil\/#breadcrumb","itemListElement":[{"@type":"ListItem","position":1,"name":"Home","item":"https:\/\/ycbs.eu\/en\/"},{"@type":"ListItem","position":2,"name":"Amanda from Brazil"}]},{"@type":"WebSite","@id":"https:\/\/ycbs.eu\/en\/#website","url":"https:\/\/ycbs.eu\/en\/","name":"YCBS","description":"Youth Connected by Sounds","publisher":{"@id":"https:\/\/ycbs.eu\/en\/#organization"},"potentialAction":[{"@type":"SearchAction","target":{"@type":"EntryPoint","urlTemplate":"https:\/\/ycbs.eu\/en\/?s={search_term_string}"},"query-input":{"@type":"PropertyValueSpecification","valueRequired":true,"valueName":"search_term_string"}}],"inLanguage":"en-GB"},{"@type":"Organization","@id":"https:\/\/ycbs.eu\/en\/#organization","name":"Youth Connected By Sounds","url":"https:\/\/ycbs.eu\/en\/","logo":{"@type":"ImageObject","inLanguage":"en-GB","@id":"https:\/\/ycbs.eu\/en\/#\/schema\/logo\/image\/","url":"https:\/\/ycbs.eu\/wp-content\/uploads\/logoNew_saturated.png","contentUrl":"https:\/\/ycbs.eu\/wp-content\/uploads\/logoNew_saturated.png","width":2160,"height":2160,"caption":"Youth Connected By Sounds"},"image":{"@id":"https:\/\/ycbs.eu\/en\/#\/schema\/logo\/image\/"},"sameAs":["https:\/\/www.facebook.com\/YcbsYouthConnectedBySounds\/"]},{"@type":"Person","@id":"https:\/\/ycbs.eu\/en\/#\/schema\/person\/98f76c313ffa23c59120f384e2b9b09d","name":"Mila Zaharieva-Schmolke","url":"https:\/\/ycbs.eu\/en\/author\/mila\/"}]}},"uagb_featured_image_src":{"full":["https:\/\/ycbs.eu\/wp-content\/uploads\/amandatreppeklein-c08.jpg",428,571,false],"thumbnail":["https:\/\/ycbs.eu\/wp-content\/uploads\/amandatreppeklein-c08-150x150.jpg",150,150,true],"medium":["https:\/\/ycbs.eu\/wp-content\/uploads\/amandatreppeklein-c08-225x300.jpg",225,300,true],"medium_large":["https:\/\/ycbs.eu\/wp-content\/uploads\/amandatreppeklein-c08.jpg",428,571,false],"large":["https:\/\/ycbs.eu\/wp-content\/uploads\/amandatreppeklein-c08.jpg",428,571,false],"1536x1536":["https:\/\/ycbs.eu\/wp-content\/uploads\/amandatreppeklein-c08.jpg",428,571,false],"2048x2048":["https:\/\/ycbs.eu\/wp-content\/uploads\/amandatreppeklein-c08.jpg",428,571,false],"trp-custom-language-flag":["https:\/\/ycbs.eu\/wp-content\/uploads\/amandatreppeklein-c08-9x12.jpg",9,12,true],"regular":["https:\/\/ycbs.eu\/wp-content\/uploads\/amandatreppeklein-c08.jpg",428,571,false],"audio-thumb":["https:\/\/ycbs.eu\/wp-content\/uploads\/amandatreppeklein-c08.jpg",360,480,false],"audio-thumb-2":["https:\/\/ycbs.eu\/wp-content\/uploads\/amandatreppeklein-c08.jpg",428,571,false],"audio-thumb-vert-large":["https:\/\/ycbs.eu\/wp-content\/uploads\/amandatreppeklein-c08.jpg",428,571,false],"highlight":["https:\/\/ycbs.eu\/wp-content\/uploads\/amandatreppeklein-c08.jpg",428,571,false],"regular-large":["https:\/\/ycbs.eu\/wp-content\/uploads\/amandatreppeklein-c08.jpg",428,571,false],"square":["https:\/\/ycbs.eu\/wp-content\/uploads\/amandatreppeklein-c08.jpg",300,400,false],"square-large":["https:\/\/ycbs.eu\/wp-content\/uploads\/amandatreppeklein-c08.jpg",428,571,false],"slideshow":["https:\/\/ycbs.eu\/wp-content\/uploads\/amandatreppeklein-c08.jpg",360,480,false]},"uagb_author_info":{"display_name":"Mila Zaharieva-Schmolke","author_link":"https:\/\/ycbs.eu\/en\/author\/mila\/"},"uagb_comment_info":0,"uagb_excerpt":"\u201cCultural diversity enriches us\u201d Amanda from Brazil says I am Amanda Navacinsk Ferreira, I am 21 years old and have been living in Sao Paulo, Brazil since my birth. My ancestors are from Lithuania and...","_links":{"self":[{"href":"https:\/\/ycbs.eu\/en\/wp-json\/wp\/v2\/posts\/389","targetHints":{"allow":["GET"]}}],"collection":[{"href":"https:\/\/ycbs.eu\/en\/wp-json\/wp\/v2\/posts"}],"about":[{"href":"https:\/\/ycbs.eu\/en\/wp-json\/wp\/v2\/types\/post"}],"author":[{"embeddable":true,"href":"https:\/\/ycbs.eu\/en\/wp-json\/wp\/v2\/users\/4"}],"replies":[{"embeddable":true,"href":"https:\/\/ycbs.eu\/en\/wp-json\/wp\/v2\/comments?post=389"}],"version-history":[{"count":5,"href":"https:\/\/ycbs.eu\/en\/wp-json\/wp\/v2\/posts\/389\/revisions"}],"predecessor-version":[{"id":3641,"href":"https:\/\/ycbs.eu\/en\/wp-json\/wp\/v2\/posts\/389\/revisions\/3641"}],"wp:featuredmedia":[{"embeddable":true,"href":"https:\/\/ycbs.eu\/en\/wp-json\/wp\/v2\/media\/387"}],"wp:attachment":[{"href":"https:\/\/ycbs.eu\/en\/wp-json\/wp\/v2\/media?parent=389"}],"wp:term":[{"taxonomy":"category","embeddable":true,"href":"https:\/\/ycbs.eu\/en\/wp-json\/wp\/v2\/categories?post=389"},{"taxonomy":"post_tag","embeddable":true,"href":"https:\/\/ycbs.eu\/en\/wp-json\/wp\/v2\/tags?post=389"}],"curies":[{"name":"wp","href":"https:\/\/api.w.org\/{rel}","templated":true}]}}